{"id":4365,"date":"2023-02-08T00:24:42","date_gmt":"2023-02-07T23:24:42","guid":{"rendered":"http:\/\/montpreis.si\/blog\/katalog-montpreis\/"},"modified":"2023-02-08T01:20:41","modified_gmt":"2023-02-08T00:20:41","slug":"montpreis-praesentationskatalog","status":"publish","type":"post","link":"https:\/\/montpreis.si\/de\/montpreis-praesentationskatalog\/","title":{"rendered":"Montpreis-Pr\u00e4sentationskatalog"},"content":{"rendered":"<div class=\"wpb-content-wrapper\"><p>[vc_row][vc_column][vc_empty_space][\/vc_column][\/vc_row][vc_row css=&#8220;.vc_custom_1655757935018{margin-bottom: 30px !important;}&#8220;][vc_column][vc_column_text]<\/p>\n<p style=\"font-weight: 400;\">Wir freuen uns sehr, Ihnen unseren Pr\u00e4sentationskatalog pr\u00e4sentieren zu k\u00f6nnen.<\/p>\n<p style=\"font-weight: 400;\">F\u00fcr Anfragen rufen Sie uns bitte auf <a href=\"tel:+38682054039\">+386 8 205 4039<\/a> an oder schicken Sie uns eine Email auf\u00a0<a href=\"mailto:info@montpreis.si\">info@montpreis.si<\/a>.<\/p>\n<p style=\"font-weight: 400;\">Sie k\u00f6nnen den Katalog herunterladen, indem Sie auf das Bild klicken.<\/p>\n<p>[\/vc_column_text][vc_single_image image=&#8220;4361&#8243; img_size=&#8220;medium&#8220; onclick=&#8220;custom_link&#8220; link=&#8220;https:\/\/montpreis.si\/wp-content\/uploads\/2023\/02\/Montpreis-woodcompany-catalog_web.pdf&#8220; css=&#8220;.vc_custom_1675814975231{margin-top: 2em !important;}&#8220;][\/vc_column][\/vc_row][vc_row][vc_column][vc_empty_space][\/vc_column][\/vc_row]<\/p>\n<\/div>","protected":false},"excerpt":{"rendered":"<p>[vc_row][vc_column][vc_empty_space][\/vc_column][\/vc_row][vc_row css=&#8220;.vc_custom_1655757935018{margin-bottom: 30px !important;}&#8220;][vc_column][vc_column_text] Wir freuen uns sehr, Ihnen unseren Pr\u00e4sentationskatalog pr\u00e4sentieren zu k\u00f6nnen. F\u00fcr Anfragen rufen Sie uns bitte auf +386 8 205 4039 an oder schicken Sie uns<\/p>\n","protected":false},"author":1,"featured_media":4361,"comment_status":"closed","ping_status":"closed","sticky":false,"template":"","format":"standard","meta":{"_acf_changed":false,"footnotes":""},"categories":[3],"tags":[],"class_list":["post-4365","post","type-post","status-publish","format-standard","has-post-thumbnail","hentry","category-hohepunkte"],"acf":[],"yoast_head":"<!-- This site is optimized with the Yoast SEO plugin v26.9 - https:\/\/yoast.com\/product\/yoast-seo-wordpress\/ -->\n<title>Montpreis-Pr\u00e4sentationskatalog - Montpreis<\/title>\n<meta name=\"description\" content=\"Wir freuen uns sehr, Ihnen unseren Pr\u00e4sentationskatalog pr\u00e4sentieren zu k\u00f6nnen. Rufen Sie uns f\u00fcr Anfragen unter +386 8 205 4039 an oder schreiben Sie uns an info@montpreis.si.\" \/>\n<meta name=\"robots\" content=\"index, follow, max-snippet:-1, max-image-preview:large, max-video-preview:-1\" \/>\n<link rel=\"canonical\" href=\"https:\/\/montpreis.si\/de\/montpreis-praesentationskatalog\/\" \/>\n<meta property=\"og:locale\" content=\"de_DE\" \/>\n<meta property=\"og:type\" content=\"article\" \/>\n<meta property=\"og:title\" content=\"Montpreis-Pr\u00e4sentationskatalog - Montpreis\" \/>\n<meta property=\"og:description\" content=\"Wir freuen uns sehr, Ihnen unseren Pr\u00e4sentationskatalog pr\u00e4sentieren zu k\u00f6nnen. Rufen Sie uns f\u00fcr Anfragen unter +386 8 205 4039 an oder schreiben Sie uns an info@montpreis.si.\" \/>\n<meta property=\"og:url\" content=\"https:\/\/montpreis.si\/de\/montpreis-praesentationskatalog\/\" \/>\n<meta property=\"og:site_name\" content=\"Montpreis\" \/>\n<meta property=\"article:published_time\" content=\"2023-02-07T23:24:42+00:00\" \/>\n<meta property=\"article:modified_time\" content=\"2023-02-08T00:20:41+00:00\" \/>\n<meta property=\"og:image\" content=\"https:\/\/montpreis.si\/wp-content\/uploads\/2023\/02\/Montpreis-woodcompany-catalog.jpg\" \/>\n\t<meta property=\"og:image:width\" content=\"580\" \/>\n\t<meta property=\"og:image:height\" content=\"813\" \/>\n\t<meta property=\"og:image:type\" content=\"image\/jpeg\" \/>\n<meta name=\"author\" content=\"Marjety\" \/>\n<meta name=\"twitter:card\" content=\"summary_large_image\" \/>\n<meta name=\"twitter:label1\" content=\"Verfasst von\" \/>\n\t<meta name=\"twitter:data1\" content=\"Marjety\" \/>\n\t<meta name=\"twitter:label2\" content=\"Gesch\u00e4tzte Lesezeit\" \/>\n\t<meta name=\"twitter:data2\" content=\"1\u00a0Minute\" \/>\n<script type=\"application\/ld+json\" class=\"yoast-schema-graph\">{\"@context\":\"https:\/\/schema.org\",\"@graph\":[{\"@type\":\"Article\",\"@id\":\"https:\/\/montpreis.si\/de\/montpreis-praesentationskatalog\/#article\",\"isPartOf\":{\"@id\":\"https:\/\/montpreis.si\/de\/montpreis-praesentationskatalog\/\"},\"author\":{\"name\":\"Marjety\",\"@id\":\"https:\/\/montpreis.si\/#\/schema\/person\/91f2aa6ccf92d998c80c7e0d51cf7cc9\"},\"headline\":\"Montpreis-Pr\u00e4sentationskatalog\",\"datePublished\":\"2023-02-07T23:24:42+00:00\",\"dateModified\":\"2023-02-08T00:20:41+00:00\",\"mainEntityOfPage\":{\"@id\":\"https:\/\/montpreis.si\/de\/montpreis-praesentationskatalog\/\"},\"wordCount\":113,\"image\":{\"@id\":\"https:\/\/montpreis.si\/de\/montpreis-praesentationskatalog\/#primaryimage\"},\"thumbnailUrl\":\"https:\/\/montpreis.si\/wp-content\/uploads\/2023\/02\/Montpreis-woodcompany-catalog.jpg\",\"articleSection\":[\"H\u00f6hepunkte\"],\"inLanguage\":\"de\"},{\"@type\":\"WebPage\",\"@id\":\"https:\/\/montpreis.si\/de\/montpreis-praesentationskatalog\/\",\"url\":\"https:\/\/montpreis.si\/de\/montpreis-praesentationskatalog\/\",\"name\":\"Montpreis-Pr\u00e4sentationskatalog - Montpreis\",\"isPartOf\":{\"@id\":\"https:\/\/montpreis.si\/#website\"},\"primaryImageOfPage\":{\"@id\":\"https:\/\/montpreis.si\/de\/montpreis-praesentationskatalog\/#primaryimage\"},\"image\":{\"@id\":\"https:\/\/montpreis.si\/de\/montpreis-praesentationskatalog\/#primaryimage\"},\"thumbnailUrl\":\"https:\/\/montpreis.si\/wp-content\/uploads\/2023\/02\/Montpreis-woodcompany-catalog.jpg\",\"datePublished\":\"2023-02-07T23:24:42+00:00\",\"dateModified\":\"2023-02-08T00:20:41+00:00\",\"author\":{\"@id\":\"https:\/\/montpreis.si\/#\/schema\/person\/91f2aa6ccf92d998c80c7e0d51cf7cc9\"},\"description\":\"Wir freuen uns sehr, Ihnen unseren Pr\u00e4sentationskatalog pr\u00e4sentieren zu k\u00f6nnen. Rufen Sie uns f\u00fcr Anfragen unter +386 8 205 4039 an oder schreiben Sie uns an info@montpreis.si.\",\"breadcrumb\":{\"@id\":\"https:\/\/montpreis.si\/de\/montpreis-praesentationskatalog\/#breadcrumb\"},\"inLanguage\":\"de\",\"potentialAction\":[{\"@type\":\"ReadAction\",\"target\":[\"https:\/\/montpreis.si\/de\/montpreis-praesentationskatalog\/\"]}]},{\"@type\":\"ImageObject\",\"inLanguage\":\"de\",\"@id\":\"https:\/\/montpreis.si\/de\/montpreis-praesentationskatalog\/#primaryimage\",\"url\":\"https:\/\/montpreis.si\/wp-content\/uploads\/2023\/02\/Montpreis-woodcompany-catalog.jpg\",\"contentUrl\":\"https:\/\/montpreis.si\/wp-content\/uploads\/2023\/02\/Montpreis-woodcompany-catalog.jpg\",\"width\":580,\"height\":813},{\"@type\":\"BreadcrumbList\",\"@id\":\"https:\/\/montpreis.si\/de\/montpreis-praesentationskatalog\/#breadcrumb\",\"itemListElement\":[{\"@type\":\"ListItem\",\"position\":1,\"name\":\"Home\",\"item\":\"https:\/\/montpreis.si\/de\/\"},{\"@type\":\"ListItem\",\"position\":2,\"name\":\"Montpreis-Pr\u00e4sentationskatalog\"}]},{\"@type\":\"WebSite\",\"@id\":\"https:\/\/montpreis.si\/#website\",\"url\":\"https:\/\/montpreis.si\/\",\"name\":\"Montpreis\",\"description\":\"Odkup in prodaja hlodovine ter rezanega lesa\",\"potentialAction\":[{\"@type\":\"SearchAction\",\"target\":{\"@type\":\"EntryPoint\",\"urlTemplate\":\"https:\/\/montpreis.si\/?s={search_term_string}\"},\"query-input\":{\"@type\":\"PropertyValueSpecification\",\"valueRequired\":true,\"valueName\":\"search_term_string\"}}],\"inLanguage\":\"de\"},{\"@type\":\"Person\",\"@id\":\"https:\/\/montpreis.si\/#\/schema\/person\/91f2aa6ccf92d998c80c7e0d51cf7cc9\",\"name\":\"Marjety\",\"image\":{\"@type\":\"ImageObject\",\"inLanguage\":\"de\",\"@id\":\"https:\/\/montpreis.si\/#\/schema\/person\/image\/\",\"url\":\"https:\/\/secure.gravatar.com\/avatar\/c369bd97b5e63581ad8f044aaf2fb316fc655dd03d16ed62a1e682510b5d3a61?s=96&d=mm&r=g\",\"contentUrl\":\"https:\/\/secure.gravatar.com\/avatar\/c369bd97b5e63581ad8f044aaf2fb316fc655dd03d16ed62a1e682510b5d3a61?s=96&d=mm&r=g\",\"caption\":\"Marjety\"},\"url\":\"https:\/\/montpreis.si\/de\/author\/marjety\/\"}]}<\/script>\n<!-- \/ Yoast SEO plugin. -->","yoast_head_json":{"title":"Montpreis-Pr\u00e4sentationskatalog - Montpreis","description":"Wir freuen uns sehr, Ihnen unseren Pr\u00e4sentationskatalog pr\u00e4sentieren zu k\u00f6nnen. Rufen Sie uns f\u00fcr Anfragen unter +386 8 205 4039 an oder schreiben Sie uns an info@montpreis.si.","robots":{"index":"index","follow":"follow","max-snippet":"max-snippet:-1","max-image-preview":"max-image-preview:large","max-video-preview":"max-video-preview:-1"},"canonical":"https:\/\/montpreis.si\/de\/montpreis-praesentationskatalog\/","og_locale":"de_DE","og_type":"article","og_title":"Montpreis-Pr\u00e4sentationskatalog - Montpreis","og_description":"Wir freuen uns sehr, Ihnen unseren Pr\u00e4sentationskatalog pr\u00e4sentieren zu k\u00f6nnen. Rufen Sie uns f\u00fcr Anfragen unter +386 8 205 4039 an oder schreiben Sie uns an info@montpreis.si.","og_url":"https:\/\/montpreis.si\/de\/montpreis-praesentationskatalog\/","og_site_name":"Montpreis","article_published_time":"2023-02-07T23:24:42+00:00","article_modified_time":"2023-02-08T00:20:41+00:00","og_image":[{"width":580,"height":813,"url":"https:\/\/montpreis.si\/wp-content\/uploads\/2023\/02\/Montpreis-woodcompany-catalog.jpg","type":"image\/jpeg"}],"author":"Marjety","twitter_card":"summary_large_image","twitter_misc":{"Verfasst von":"Marjety","Gesch\u00e4tzte Lesezeit":"1\u00a0Minute"},"schema":{"@context":"https:\/\/schema.org","@graph":[{"@type":"Article","@id":"https:\/\/montpreis.si\/de\/montpreis-praesentationskatalog\/#article","isPartOf":{"@id":"https:\/\/montpreis.si\/de\/montpreis-praesentationskatalog\/"},"author":{"name":"Marjety","@id":"https:\/\/montpreis.si\/#\/schema\/person\/91f2aa6ccf92d998c80c7e0d51cf7cc9"},"headline":"Montpreis-Pr\u00e4sentationskatalog","datePublished":"2023-02-07T23:24:42+00:00","dateModified":"2023-02-08T00:20:41+00:00","mainEntityOfPage":{"@id":"https:\/\/montpreis.si\/de\/montpreis-praesentationskatalog\/"},"wordCount":113,"image":{"@id":"https:\/\/montpreis.si\/de\/montpreis-praesentationskatalog\/#primaryimage"},"thumbnailUrl":"https:\/\/montpreis.si\/wp-content\/uploads\/2023\/02\/Montpreis-woodcompany-catalog.jpg","articleSection":["H\u00f6hepunkte"],"inLanguage":"de"},{"@type":"WebPage","@id":"https:\/\/montpreis.si\/de\/montpreis-praesentationskatalog\/","url":"https:\/\/montpreis.si\/de\/montpreis-praesentationskatalog\/","name":"Montpreis-Pr\u00e4sentationskatalog - Montpreis","isPartOf":{"@id":"https:\/\/montpreis.si\/#website"},"primaryImageOfPage":{"@id":"https:\/\/montpreis.si\/de\/montpreis-praesentationskatalog\/#primaryimage"},"image":{"@id":"https:\/\/montpreis.si\/de\/montpreis-praesentationskatalog\/#primaryimage"},"thumbnailUrl":"https:\/\/montpreis.si\/wp-content\/uploads\/2023\/02\/Montpreis-woodcompany-catalog.jpg","datePublished":"2023-02-07T23:24:42+00:00","dateModified":"2023-02-08T00:20:41+00:00","author":{"@id":"https:\/\/montpreis.si\/#\/schema\/person\/91f2aa6ccf92d998c80c7e0d51cf7cc9"},"description":"Wir freuen uns sehr, Ihnen unseren Pr\u00e4sentationskatalog pr\u00e4sentieren zu k\u00f6nnen. Rufen Sie uns f\u00fcr Anfragen unter +386 8 205 4039 an oder schreiben Sie uns an info@montpreis.si.","breadcrumb":{"@id":"https:\/\/montpreis.si\/de\/montpreis-praesentationskatalog\/#breadcrumb"},"inLanguage":"de","potentialAction":[{"@type":"ReadAction","target":["https:\/\/montpreis.si\/de\/montpreis-praesentationskatalog\/"]}]},{"@type":"ImageObject","inLanguage":"de","@id":"https:\/\/montpreis.si\/de\/montpreis-praesentationskatalog\/#primaryimage","url":"https:\/\/montpreis.si\/wp-content\/uploads\/2023\/02\/Montpreis-woodcompany-catalog.jpg","contentUrl":"https:\/\/montpreis.si\/wp-content\/uploads\/2023\/02\/Montpreis-woodcompany-catalog.jpg","width":580,"height":813},{"@type":"BreadcrumbList","@id":"https:\/\/montpreis.si\/de\/montpreis-praesentationskatalog\/#breadcrumb","itemListElement":[{"@type":"ListItem","position":1,"name":"Home","item":"https:\/\/montpreis.si\/de\/"},{"@type":"ListItem","position":2,"name":"Montpreis-Pr\u00e4sentationskatalog"}]},{"@type":"WebSite","@id":"https:\/\/montpreis.si\/#website","url":"https:\/\/montpreis.si\/","name":"Montpreis","description":"Odkup in prodaja hlodovine ter rezanega lesa","potentialAction":[{"@type":"SearchAction","target":{"@type":"EntryPoint","urlTemplate":"https:\/\/montpreis.si\/?s={search_term_string}"},"query-input":{"@type":"PropertyValueSpecification","valueRequired":true,"valueName":"search_term_string"}}],"inLanguage":"de"},{"@type":"Person","@id":"https:\/\/montpreis.si\/#\/schema\/person\/91f2aa6ccf92d998c80c7e0d51cf7cc9","name":"Marjety","image":{"@type":"ImageObject","inLanguage":"de","@id":"https:\/\/montpreis.si\/#\/schema\/person\/image\/","url":"https:\/\/secure.gravatar.com\/avatar\/c369bd97b5e63581ad8f044aaf2fb316fc655dd03d16ed62a1e682510b5d3a61?s=96&d=mm&r=g","contentUrl":"https:\/\/secure.gravatar.com\/avatar\/c369bd97b5e63581ad8f044aaf2fb316fc655dd03d16ed62a1e682510b5d3a61?s=96&d=mm&r=g","caption":"Marjety"},"url":"https:\/\/montpreis.si\/de\/author\/marjety\/"}]}},"_links":{"self":[{"href":"https:\/\/montpreis.si\/de\/wp-json\/wp\/v2\/posts\/4365","targetHints":{"allow":["GET"]}}],"collection":[{"href":"https:\/\/montpreis.si\/de\/wp-json\/wp\/v2\/posts"}],"about":[{"href":"https:\/\/montpreis.si\/de\/wp-json\/wp\/v2\/types\/post"}],"author":[{"embeddable":true,"href":"https:\/\/montpreis.si\/de\/wp-json\/wp\/v2\/users\/1"}],"replies":[{"embeddable":true,"href":"https:\/\/montpreis.si\/de\/wp-json\/wp\/v2\/comments?post=4365"}],"version-history":[{"count":5,"href":"https:\/\/montpreis.si\/de\/wp-json\/wp\/v2\/posts\/4365\/revisions"}],"predecessor-version":[{"id":4375,"href":"https:\/\/montpreis.si\/de\/wp-json\/wp\/v2\/posts\/4365\/revisions\/4375"}],"wp:featuredmedia":[{"embeddable":true,"href":"https:\/\/montpreis.si\/de\/wp-json\/wp\/v2\/media\/4361"}],"wp:attachment":[{"href":"https:\/\/montpreis.si\/de\/wp-json\/wp\/v2\/media?parent=4365"}],"wp:term":[{"taxonomy":"category","embeddable":true,"href":"https:\/\/montpreis.si\/de\/wp-json\/wp\/v2\/categories?post=4365"},{"taxonomy":"post_tag","embeddable":true,"href":"https:\/\/montpreis.si\/de\/wp-json\/wp\/v2\/tags?post=4365"}],"curies":[{"name":"wp","href":"https:\/\/api.w.org\/{rel}","templated":true}]}}