{"id":2031,"date":"2018-04-14T17:34:50","date_gmt":"2018-04-14T17:34:50","guid":{"rendered":"http:\/\/montpreis.si\/?p=2031"},"modified":"2021-02-17T23:01:41","modified_gmt":"2021-02-17T22:01:41","slug":"nudimo-hrastove-odcelke-na-paletah-nem","status":"publish","type":"post","link":"https:\/\/montpreis.si\/de\/nudimo-hrastove-odcelke-na-paletah-nem\/","title":{"rendered":"Eichenresten als Brennholz auf den Paletten"},"content":{"rendered":"<p>W\u00e4hrend unserer Produktion von Schwellen und Br\u00fcckenschwellen kann eine bestimmte Menge trotzdem nicht f\u00fcr unsere eigene Zwecke verwendet werden.<\/p>\n<p>&nbsp;<\/p>\n<p>Deshalb k\u00f6nnen wir Ihnen <strong>B\u00fcndel von Eichenresten als Brennholz auf den Paletten<\/strong> anbieten, die in Plastikfolie gewickelt sind. Die ungef\u00e4hren Abmessungen der B\u00fcndel sind: <strong>110 x 120 x 110 cm<\/strong>.<\/p>\n<p>&nbsp;<\/p>\n<p>Der Preis f\u00fcr Eichenbrennholz betr\u00e4gt <strong>45 EUR pro Palette<\/strong>.<\/p>\n<p>&nbsp;<\/p>\n<p>F\u00fcr weitere Informationen und Bestellungen, rufen Sie uns bitte <strong> <a href=\"tel:+38651616842\">+386 (0)51 616 842<\/a><\/strong> an oder schicken Sie uns eine E-Mail an <strong> <a style=\"color: #616161;font-style: normal;font-weight: 300;font-size: 17px\" href=\"mailto:tjasa.robic@montpreis.si\">tjasa.robic@montpreis.si<\/a>.<\/strong><\/p>\n","protected":false},"excerpt":{"rendered":"<p>W\u00e4hrend unserer Produktion von Schwellen und Br\u00fcckenschwellen kann eine bestimmte Menge trotzdem nicht f\u00fcr unsere eigene Zwecke verwendet werden. &nbsp; Deshalb k\u00f6nnen wir Ihnen B\u00fcndel von Eichenresten als Brennholz auf<\/p>\n","protected":false},"author":1,"featured_media":2033,"comment_status":"closed","ping_status":"closed","sticky":false,"template":"","format":"gallery","meta":{"_acf_changed":false,"footnotes":""},"categories":[3],"tags":[],"class_list":["post-2031","post","type-post","status-publish","format-gallery","has-post-thumbnail","hentry","category-hohepunkte","post_format-post-format-gallery"],"acf":[],"yoast_head":"<!-- This site is optimized with the Yoast SEO plugin v26.9 - https:\/\/yoast.com\/product\/yoast-seo-wordpress\/ -->\n<title>Eichenresten als Brennholz auf den Paletten - Montpreis<\/title>\n<meta name=\"robots\" content=\"index, follow, max-snippet:-1, max-image-preview:large, max-video-preview:-1\" \/>\n<link rel=\"canonical\" href=\"https:\/\/montpreis.si\/?p=1556\" \/>\n<meta property=\"og:locale\" content=\"de_DE\" \/>\n<meta property=\"og:type\" content=\"article\" \/>\n<meta property=\"og:title\" content=\"Eichenresten als Brennholz auf den Paletten - Montpreis\" \/>\n<meta property=\"og:description\" content=\"W\u00e4hrend unserer Produktion von Schwellen und Br\u00fcckenschwellen kann eine bestimmte Menge trotzdem nicht f\u00fcr unsere eigene Zwecke verwendet werden. &nbsp; Deshalb k\u00f6nnen wir Ihnen B\u00fcndel von Eichenresten als Brennholz auf\" \/>\n<meta property=\"og:url\" content=\"https:\/\/montpreis.si\/?p=1556\" \/>\n<meta property=\"og:site_name\" content=\"Montpreis\" \/>\n<meta property=\"article:published_time\" content=\"2018-04-14T17:34:50+00:00\" \/>\n<meta property=\"article:modified_time\" content=\"2021-02-17T22:01:41+00:00\" \/>\n<meta property=\"og:image\" content=\"https:\/\/montpreis.si\/wp-content\/uploads\/2018\/02\/2018-02-16-12.25.03-1251-x-1564.jpg\" \/>\n\t<meta property=\"og:image:width\" content=\"1251\" \/>\n\t<meta property=\"og:image:height\" content=\"1564\" \/>\n\t<meta property=\"og:image:type\" content=\"image\/jpeg\" \/>\n<meta name=\"author\" content=\"Marjety\" \/>\n<meta name=\"twitter:card\" content=\"summary_large_image\" \/>\n<meta name=\"twitter:label1\" content=\"Verfasst von\" \/>\n\t<meta name=\"twitter:data1\" content=\"Marjety\" \/>\n<script type=\"application\/ld+json\" class=\"yoast-schema-graph\">{\"@context\":\"https:\/\/schema.org\",\"@graph\":[{\"@type\":\"Article\",\"@id\":\"https:\/\/montpreis.si\/?p=1556#article\",\"isPartOf\":{\"@id\":\"https:\/\/montpreis.si\/?p=1556\"},\"author\":{\"name\":\"Marjety\",\"@id\":\"https:\/\/montpreis.si\/#\/schema\/person\/91f2aa6ccf92d998c80c7e0d51cf7cc9\"},\"headline\":\"Eichenresten als Brennholz auf den Paletten\",\"datePublished\":\"2018-04-14T17:34:50+00:00\",\"dateModified\":\"2021-02-17T22:01:41+00:00\",\"mainEntityOfPage\":{\"@id\":\"https:\/\/montpreis.si\/?p=1556\"},\"wordCount\":94,\"image\":{\"@id\":\"https:\/\/montpreis.si\/?p=1556#primaryimage\"},\"thumbnailUrl\":\"https:\/\/montpreis.si\/wp-content\/uploads\/2018\/02\/2018-02-16-12.25.03-1251-x-1564.jpg\",\"articleSection\":[\"H\u00f6hepunkte\"],\"inLanguage\":\"de\"},{\"@type\":\"WebPage\",\"@id\":\"https:\/\/montpreis.si\/?p=1556\",\"url\":\"https:\/\/montpreis.si\/?p=1556\",\"name\":\"Eichenresten als Brennholz auf den Paletten - Montpreis\",\"isPartOf\":{\"@id\":\"https:\/\/montpreis.si\/#website\"},\"primaryImageOfPage\":{\"@id\":\"https:\/\/montpreis.si\/?p=1556#primaryimage\"},\"image\":{\"@id\":\"https:\/\/montpreis.si\/?p=1556#primaryimage\"},\"thumbnailUrl\":\"https:\/\/montpreis.si\/wp-content\/uploads\/2018\/02\/2018-02-16-12.25.03-1251-x-1564.jpg\",\"datePublished\":\"2018-04-14T17:34:50+00:00\",\"dateModified\":\"2021-02-17T22:01:41+00:00\",\"author\":{\"@id\":\"https:\/\/montpreis.si\/#\/schema\/person\/91f2aa6ccf92d998c80c7e0d51cf7cc9\"},\"breadcrumb\":{\"@id\":\"https:\/\/montpreis.si\/?p=1556#breadcrumb\"},\"inLanguage\":\"de\",\"potentialAction\":[{\"@type\":\"ReadAction\",\"target\":[\"https:\/\/montpreis.si\/?p=1556\"]}]},{\"@type\":\"ImageObject\",\"inLanguage\":\"de\",\"@id\":\"https:\/\/montpreis.si\/?p=1556#primaryimage\",\"url\":\"https:\/\/montpreis.si\/wp-content\/uploads\/2018\/02\/2018-02-16-12.25.03-1251-x-1564.jpg\",\"contentUrl\":\"https:\/\/montpreis.si\/wp-content\/uploads\/2018\/02\/2018-02-16-12.25.03-1251-x-1564.jpg\",\"width\":1251,\"height\":1564},{\"@type\":\"BreadcrumbList\",\"@id\":\"https:\/\/montpreis.si\/?p=1556#breadcrumb\",\"itemListElement\":[{\"@type\":\"ListItem\",\"position\":1,\"name\":\"Home\",\"item\":\"https:\/\/montpreis.si\/de\/\"},{\"@type\":\"ListItem\",\"position\":2,\"name\":\"Eichenresten als Brennholz auf den Paletten\"}]},{\"@type\":\"WebSite\",\"@id\":\"https:\/\/montpreis.si\/#website\",\"url\":\"https:\/\/montpreis.si\/\",\"name\":\"Montpreis\",\"description\":\"Odkup in prodaja hlodovine ter rezanega lesa\",\"potentialAction\":[{\"@type\":\"SearchAction\",\"target\":{\"@type\":\"EntryPoint\",\"urlTemplate\":\"https:\/\/montpreis.si\/?s={search_term_string}\"},\"query-input\":{\"@type\":\"PropertyValueSpecification\",\"valueRequired\":true,\"valueName\":\"search_term_string\"}}],\"inLanguage\":\"de\"},{\"@type\":\"Person\",\"@id\":\"https:\/\/montpreis.si\/#\/schema\/person\/91f2aa6ccf92d998c80c7e0d51cf7cc9\",\"name\":\"Marjety\",\"image\":{\"@type\":\"ImageObject\",\"inLanguage\":\"de\",\"@id\":\"https:\/\/montpreis.si\/#\/schema\/person\/image\/\",\"url\":\"https:\/\/secure.gravatar.com\/avatar\/c369bd97b5e63581ad8f044aaf2fb316fc655dd03d16ed62a1e682510b5d3a61?s=96&d=mm&r=g\",\"contentUrl\":\"https:\/\/secure.gravatar.com\/avatar\/c369bd97b5e63581ad8f044aaf2fb316fc655dd03d16ed62a1e682510b5d3a61?s=96&d=mm&r=g\",\"caption\":\"Marjety\"},\"url\":\"https:\/\/montpreis.si\/de\/author\/marjety\/\"}]}<\/script>\n<!-- \/ Yoast SEO plugin. -->","yoast_head_json":{"title":"Eichenresten als Brennholz auf den Paletten - Montpreis","robots":{"index":"index","follow":"follow","max-snippet":"max-snippet:-1","max-image-preview":"max-image-preview:large","max-video-preview":"max-video-preview:-1"},"canonical":"https:\/\/montpreis.si\/?p=1556","og_locale":"de_DE","og_type":"article","og_title":"Eichenresten als Brennholz auf den Paletten - Montpreis","og_description":"W\u00e4hrend unserer Produktion von Schwellen und Br\u00fcckenschwellen kann eine bestimmte Menge trotzdem nicht f\u00fcr unsere eigene Zwecke verwendet werden. &nbsp; Deshalb k\u00f6nnen wir Ihnen B\u00fcndel von Eichenresten als Brennholz auf","og_url":"https:\/\/montpreis.si\/?p=1556","og_site_name":"Montpreis","article_published_time":"2018-04-14T17:34:50+00:00","article_modified_time":"2021-02-17T22:01:41+00:00","og_image":[{"width":1251,"height":1564,"url":"https:\/\/montpreis.si\/wp-content\/uploads\/2018\/02\/2018-02-16-12.25.03-1251-x-1564.jpg","type":"image\/jpeg"}],"author":"Marjety","twitter_card":"summary_large_image","twitter_misc":{"Verfasst von":"Marjety"},"schema":{"@context":"https:\/\/schema.org","@graph":[{"@type":"Article","@id":"https:\/\/montpreis.si\/?p=1556#article","isPartOf":{"@id":"https:\/\/montpreis.si\/?p=1556"},"author":{"name":"Marjety","@id":"https:\/\/montpreis.si\/#\/schema\/person\/91f2aa6ccf92d998c80c7e0d51cf7cc9"},"headline":"Eichenresten als Brennholz auf den Paletten","datePublished":"2018-04-14T17:34:50+00:00","dateModified":"2021-02-17T22:01:41+00:00","mainEntityOfPage":{"@id":"https:\/\/montpreis.si\/?p=1556"},"wordCount":94,"image":{"@id":"https:\/\/montpreis.si\/?p=1556#primaryimage"},"thumbnailUrl":"https:\/\/montpreis.si\/wp-content\/uploads\/2018\/02\/2018-02-16-12.25.03-1251-x-1564.jpg","articleSection":["H\u00f6hepunkte"],"inLanguage":"de"},{"@type":"WebPage","@id":"https:\/\/montpreis.si\/?p=1556","url":"https:\/\/montpreis.si\/?p=1556","name":"Eichenresten als Brennholz auf den Paletten - Montpreis","isPartOf":{"@id":"https:\/\/montpreis.si\/#website"},"primaryImageOfPage":{"@id":"https:\/\/montpreis.si\/?p=1556#primaryimage"},"image":{"@id":"https:\/\/montpreis.si\/?p=1556#primaryimage"},"thumbnailUrl":"https:\/\/montpreis.si\/wp-content\/uploads\/2018\/02\/2018-02-16-12.25.03-1251-x-1564.jpg","datePublished":"2018-04-14T17:34:50+00:00","dateModified":"2021-02-17T22:01:41+00:00","author":{"@id":"https:\/\/montpreis.si\/#\/schema\/person\/91f2aa6ccf92d998c80c7e0d51cf7cc9"},"breadcrumb":{"@id":"https:\/\/montpreis.si\/?p=1556#breadcrumb"},"inLanguage":"de","potentialAction":[{"@type":"ReadAction","target":["https:\/\/montpreis.si\/?p=1556"]}]},{"@type":"ImageObject","inLanguage":"de","@id":"https:\/\/montpreis.si\/?p=1556#primaryimage","url":"https:\/\/montpreis.si\/wp-content\/uploads\/2018\/02\/2018-02-16-12.25.03-1251-x-1564.jpg","contentUrl":"https:\/\/montpreis.si\/wp-content\/uploads\/2018\/02\/2018-02-16-12.25.03-1251-x-1564.jpg","width":1251,"height":1564},{"@type":"BreadcrumbList","@id":"https:\/\/montpreis.si\/?p=1556#breadcrumb","itemListElement":[{"@type":"ListItem","position":1,"name":"Home","item":"https:\/\/montpreis.si\/de\/"},{"@type":"ListItem","position":2,"name":"Eichenresten als Brennholz auf den Paletten"}]},{"@type":"WebSite","@id":"https:\/\/montpreis.si\/#website","url":"https:\/\/montpreis.si\/","name":"Montpreis","description":"Odkup in prodaja hlodovine ter rezanega lesa","potentialAction":[{"@type":"SearchAction","target":{"@type":"EntryPoint","urlTemplate":"https:\/\/montpreis.si\/?s={search_term_string}"},"query-input":{"@type":"PropertyValueSpecification","valueRequired":true,"valueName":"search_term_string"}}],"inLanguage":"de"},{"@type":"Person","@id":"https:\/\/montpreis.si\/#\/schema\/person\/91f2aa6ccf92d998c80c7e0d51cf7cc9","name":"Marjety","image":{"@type":"ImageObject","inLanguage":"de","@id":"https:\/\/montpreis.si\/#\/schema\/person\/image\/","url":"https:\/\/secure.gravatar.com\/avatar\/c369bd97b5e63581ad8f044aaf2fb316fc655dd03d16ed62a1e682510b5d3a61?s=96&d=mm&r=g","contentUrl":"https:\/\/secure.gravatar.com\/avatar\/c369bd97b5e63581ad8f044aaf2fb316fc655dd03d16ed62a1e682510b5d3a61?s=96&d=mm&r=g","caption":"Marjety"},"url":"https:\/\/montpreis.si\/de\/author\/marjety\/"}]}},"_links":{"self":[{"href":"https:\/\/montpreis.si\/de\/wp-json\/wp\/v2\/posts\/2031","targetHints":{"allow":["GET"]}}],"collection":[{"href":"https:\/\/montpreis.si\/de\/wp-json\/wp\/v2\/posts"}],"about":[{"href":"https:\/\/montpreis.si\/de\/wp-json\/wp\/v2\/types\/post"}],"author":[{"embeddable":true,"href":"https:\/\/montpreis.si\/de\/wp-json\/wp\/v2\/users\/1"}],"replies":[{"embeddable":true,"href":"https:\/\/montpreis.si\/de\/wp-json\/wp\/v2\/comments?post=2031"}],"version-history":[{"count":4,"href":"https:\/\/montpreis.si\/de\/wp-json\/wp\/v2\/posts\/2031\/revisions"}],"predecessor-version":[{"id":3299,"href":"https:\/\/montpreis.si\/de\/wp-json\/wp\/v2\/posts\/2031\/revisions\/3299"}],"wp:featuredmedia":[{"embeddable":true,"href":"https:\/\/montpreis.si\/de\/wp-json\/wp\/v2\/media\/2033"}],"wp:attachment":[{"href":"https:\/\/montpreis.si\/de\/wp-json\/wp\/v2\/media?parent=2031"}],"wp:term":[{"taxonomy":"category","embeddable":true,"href":"https:\/\/montpreis.si\/de\/wp-json\/wp\/v2\/categories?post=2031"},{"taxonomy":"post_tag","embeddable":true,"href":"https:\/\/montpreis.si\/de\/wp-json\/wp\/v2\/tags?post=2031"}],"curies":[{"name":"wp","href":"https:\/\/api.w.org\/{rel}","templated":true}]}}