{"id":2014,"date":"2018-04-14T17:31:35","date_gmt":"2018-04-14T17:31:35","guid":{"rendered":"http:\/\/montpreis.si\/?p=2014"},"modified":"2021-02-17T23:02:15","modified_gmt":"2021-02-17T22:02:15","slug":"cesnja-rezan-les-nem","status":"publish","type":"post","link":"https:\/\/montpreis.si\/de\/cesnja-rezan-les-nem\/","title":{"rendered":"Kirschenschnittholz"},"content":{"rendered":"<p>Wir haben eine gro\u00dfe Auswahl an Kirschenschnittholz, so dass wir unseren Kunden folgende St\u00e4rken anbieten k\u00f6nnen: <strong>25, 32, 38, 50, 60 und 70 mm<\/strong> in den Qualit\u00e4tsklassen <strong>A, AB und BC<\/strong>. Verf\u00fcgbar ist nicht nur <strong>kammergetrocknetes<\/strong>, sondern auch <strong>luftgetrocknetes<\/strong> Kirschenschnittholz.<\/p>\n<p>&nbsp;<\/p>\n<p>Kirschenschnittholz ist <strong>unbes\u00e4umt<\/strong> und in den <strong>L\u00e4ngen ab 2,1 m<\/strong> verf\u00fcgbar.<\/p>\n<p>&nbsp;<\/p>\n<p>Wenn Sie uns besuchen wollen und das Kirschenschnittholz sehen m\u00f6chten oder wenn Sie ein Angebot brauchen, rufen Sie uns bitte an unter <strong><a href=\"tel:+38651616842\">+386 (0)51 616 842<\/a><\/strong> an oder schicken Sie uns eine E-Mail an <strong> <a style=\"color: #616161;font-style: normal;font-weight: 300;font-size: 17px\" href=\"mailto:tjasa.robic@montpreis.si\">tjasa.robic@montpreis.si<\/a>.<\/strong><\/p>\n<p>&nbsp;<\/p>\n<p>Wir sind auch in der Lage, Ihnen bei der Suche nach die <strong>bestgeeignete Logistikl\u00f6sung<\/strong> zu helfen, damit die bestellte Ware<strong> so schnell wie m\u00f6glich<\/strong> geliefert werden kann.<\/p>\n<p>&nbsp;<\/p>\n","protected":false},"excerpt":{"rendered":"<p>Wir haben eine gro\u00dfe Auswahl an Kirschenschnittholz, so dass wir unseren Kunden folgende St\u00e4rken anbieten k\u00f6nnen: 25, 32, 38, 50, 60 und 70 mm in den Qualit\u00e4tsklassen A, AB und<\/p>\n","protected":false},"author":1,"featured_media":2229,"comment_status":"closed","ping_status":"closed","sticky":false,"template":"","format":"gallery","meta":{"_acf_changed":false,"footnotes":""},"categories":[54,78],"tags":[],"class_list":["post-2014","post","type-post","status-publish","format-gallery","has-post-thumbnail","hentry","category-kirsche","category-sonderangebot","post_format-post-format-gallery"],"acf":[],"yoast_head":"<!-- This site is optimized with the Yoast SEO plugin v26.9 - https:\/\/yoast.com\/product\/yoast-seo-wordpress\/ -->\n<title>Kirschenschnittholz - Montpreis<\/title>\n<meta name=\"robots\" content=\"index, follow, max-snippet:-1, max-image-preview:large, max-video-preview:-1\" \/>\n<link rel=\"canonical\" href=\"https:\/\/montpreis.si\/de\/cesnja-rezan-les-nem\/\" \/>\n<meta property=\"og:locale\" content=\"de_DE\" \/>\n<meta property=\"og:type\" content=\"article\" \/>\n<meta property=\"og:title\" content=\"Kirschenschnittholz - Montpreis\" \/>\n<meta property=\"og:description\" content=\"Wir haben eine gro\u00dfe Auswahl an Kirschenschnittholz, so dass wir unseren Kunden folgende St\u00e4rken anbieten k\u00f6nnen: 25, 32, 38, 50, 60 und 70 mm in den Qualit\u00e4tsklassen A, AB und\" \/>\n<meta property=\"og:url\" content=\"https:\/\/montpreis.si\/de\/cesnja-rezan-les-nem\/\" \/>\n<meta property=\"og:site_name\" content=\"Montpreis\" \/>\n<meta property=\"article:published_time\" content=\"2018-04-14T17:31:35+00:00\" \/>\n<meta property=\"article:modified_time\" content=\"2021-02-17T22:02:15+00:00\" \/>\n<meta property=\"og:image\" content=\"https:\/\/montpreis.si\/wp-content\/uploads\/2018\/04\/cesnja-cherry-kirsche-Montpreis-lumber-zagan-les-Schnittholz-7.jpg\" \/>\n\t<meta property=\"og:image:width\" content=\"1100\" \/>\n\t<meta property=\"og:image:height\" content=\"733\" \/>\n\t<meta property=\"og:image:type\" content=\"image\/jpeg\" \/>\n<meta name=\"author\" content=\"Marjety\" \/>\n<meta name=\"twitter:card\" content=\"summary_large_image\" \/>\n<meta name=\"twitter:label1\" content=\"Verfasst von\" \/>\n\t<meta name=\"twitter:data1\" content=\"Marjety\" \/>\n\t<meta name=\"twitter:label2\" content=\"Gesch\u00e4tzte Lesezeit\" \/>\n\t<meta name=\"twitter:data2\" content=\"1\u00a0Minute\" \/>\n<script type=\"application\/ld+json\" class=\"yoast-schema-graph\">{\"@context\":\"https:\/\/schema.org\",\"@graph\":[{\"@type\":\"Article\",\"@id\":\"https:\/\/montpreis.si\/de\/cesnja-rezan-les-nem\/#article\",\"isPartOf\":{\"@id\":\"https:\/\/montpreis.si\/de\/cesnja-rezan-les-nem\/\"},\"author\":{\"name\":\"Marjety\",\"@id\":\"https:\/\/montpreis.si\/#\/schema\/person\/91f2aa6ccf92d998c80c7e0d51cf7cc9\"},\"headline\":\"Kirschenschnittholz\",\"datePublished\":\"2018-04-14T17:31:35+00:00\",\"dateModified\":\"2021-02-17T22:02:15+00:00\",\"mainEntityOfPage\":{\"@id\":\"https:\/\/montpreis.si\/de\/cesnja-rezan-les-nem\/\"},\"wordCount\":121,\"image\":{\"@id\":\"https:\/\/montpreis.si\/de\/cesnja-rezan-les-nem\/#primaryimage\"},\"thumbnailUrl\":\"https:\/\/montpreis.si\/wp-content\/uploads\/2018\/04\/cesnja-cherry-kirsche-Montpreis-lumber-zagan-les-Schnittholz-7.jpg\",\"articleSection\":[\"Kirsche\",\"Sonderangebot\"],\"inLanguage\":\"de\"},{\"@type\":\"WebPage\",\"@id\":\"https:\/\/montpreis.si\/de\/cesnja-rezan-les-nem\/\",\"url\":\"https:\/\/montpreis.si\/de\/cesnja-rezan-les-nem\/\",\"name\":\"Kirschenschnittholz - Montpreis\",\"isPartOf\":{\"@id\":\"https:\/\/montpreis.si\/#website\"},\"primaryImageOfPage\":{\"@id\":\"https:\/\/montpreis.si\/de\/cesnja-rezan-les-nem\/#primaryimage\"},\"image\":{\"@id\":\"https:\/\/montpreis.si\/de\/cesnja-rezan-les-nem\/#primaryimage\"},\"thumbnailUrl\":\"https:\/\/montpreis.si\/wp-content\/uploads\/2018\/04\/cesnja-cherry-kirsche-Montpreis-lumber-zagan-les-Schnittholz-7.jpg\",\"datePublished\":\"2018-04-14T17:31:35+00:00\",\"dateModified\":\"2021-02-17T22:02:15+00:00\",\"author\":{\"@id\":\"https:\/\/montpreis.si\/#\/schema\/person\/91f2aa6ccf92d998c80c7e0d51cf7cc9\"},\"breadcrumb\":{\"@id\":\"https:\/\/montpreis.si\/de\/cesnja-rezan-les-nem\/#breadcrumb\"},\"inLanguage\":\"de\",\"potentialAction\":[{\"@type\":\"ReadAction\",\"target\":[\"https:\/\/montpreis.si\/de\/cesnja-rezan-les-nem\/\"]}]},{\"@type\":\"ImageObject\",\"inLanguage\":\"de\",\"@id\":\"https:\/\/montpreis.si\/de\/cesnja-rezan-les-nem\/#primaryimage\",\"url\":\"https:\/\/montpreis.si\/wp-content\/uploads\/2018\/04\/cesnja-cherry-kirsche-Montpreis-lumber-zagan-les-Schnittholz-7.jpg\",\"contentUrl\":\"https:\/\/montpreis.si\/wp-content\/uploads\/2018\/04\/cesnja-cherry-kirsche-Montpreis-lumber-zagan-les-Schnittholz-7.jpg\",\"width\":1100,\"height\":733,\"caption\":\"\u010cesnja-cherry-kirsche Montrpreis\"},{\"@type\":\"BreadcrumbList\",\"@id\":\"https:\/\/montpreis.si\/de\/cesnja-rezan-les-nem\/#breadcrumb\",\"itemListElement\":[{\"@type\":\"ListItem\",\"position\":1,\"name\":\"Home\",\"item\":\"https:\/\/montpreis.si\/de\/\"},{\"@type\":\"ListItem\",\"position\":2,\"name\":\"Kirschenschnittholz\"}]},{\"@type\":\"WebSite\",\"@id\":\"https:\/\/montpreis.si\/#website\",\"url\":\"https:\/\/montpreis.si\/\",\"name\":\"Montpreis\",\"description\":\"Odkup in prodaja hlodovine ter rezanega lesa\",\"potentialAction\":[{\"@type\":\"SearchAction\",\"target\":{\"@type\":\"EntryPoint\",\"urlTemplate\":\"https:\/\/montpreis.si\/?s={search_term_string}\"},\"query-input\":{\"@type\":\"PropertyValueSpecification\",\"valueRequired\":true,\"valueName\":\"search_term_string\"}}],\"inLanguage\":\"de\"},{\"@type\":\"Person\",\"@id\":\"https:\/\/montpreis.si\/#\/schema\/person\/91f2aa6ccf92d998c80c7e0d51cf7cc9\",\"name\":\"Marjety\",\"image\":{\"@type\":\"ImageObject\",\"inLanguage\":\"de\",\"@id\":\"https:\/\/montpreis.si\/#\/schema\/person\/image\/\",\"url\":\"https:\/\/secure.gravatar.com\/avatar\/c369bd97b5e63581ad8f044aaf2fb316fc655dd03d16ed62a1e682510b5d3a61?s=96&d=mm&r=g\",\"contentUrl\":\"https:\/\/secure.gravatar.com\/avatar\/c369bd97b5e63581ad8f044aaf2fb316fc655dd03d16ed62a1e682510b5d3a61?s=96&d=mm&r=g\",\"caption\":\"Marjety\"},\"url\":\"https:\/\/montpreis.si\/de\/author\/marjety\/\"}]}<\/script>\n<!-- \/ Yoast SEO plugin. -->","yoast_head_json":{"title":"Kirschenschnittholz - Montpreis","robots":{"index":"index","follow":"follow","max-snippet":"max-snippet:-1","max-image-preview":"max-image-preview:large","max-video-preview":"max-video-preview:-1"},"canonical":"https:\/\/montpreis.si\/de\/cesnja-rezan-les-nem\/","og_locale":"de_DE","og_type":"article","og_title":"Kirschenschnittholz - Montpreis","og_description":"Wir haben eine gro\u00dfe Auswahl an Kirschenschnittholz, so dass wir unseren Kunden folgende St\u00e4rken anbieten k\u00f6nnen: 25, 32, 38, 50, 60 und 70 mm in den Qualit\u00e4tsklassen A, AB und","og_url":"https:\/\/montpreis.si\/de\/cesnja-rezan-les-nem\/","og_site_name":"Montpreis","article_published_time":"2018-04-14T17:31:35+00:00","article_modified_time":"2021-02-17T22:02:15+00:00","og_image":[{"width":1100,"height":733,"url":"https:\/\/montpreis.si\/wp-content\/uploads\/2018\/04\/cesnja-cherry-kirsche-Montpreis-lumber-zagan-les-Schnittholz-7.jpg","type":"image\/jpeg"}],"author":"Marjety","twitter_card":"summary_large_image","twitter_misc":{"Verfasst von":"Marjety","Gesch\u00e4tzte Lesezeit":"1\u00a0Minute"},"schema":{"@context":"https:\/\/schema.org","@graph":[{"@type":"Article","@id":"https:\/\/montpreis.si\/de\/cesnja-rezan-les-nem\/#article","isPartOf":{"@id":"https:\/\/montpreis.si\/de\/cesnja-rezan-les-nem\/"},"author":{"name":"Marjety","@id":"https:\/\/montpreis.si\/#\/schema\/person\/91f2aa6ccf92d998c80c7e0d51cf7cc9"},"headline":"Kirschenschnittholz","datePublished":"2018-04-14T17:31:35+00:00","dateModified":"2021-02-17T22:02:15+00:00","mainEntityOfPage":{"@id":"https:\/\/montpreis.si\/de\/cesnja-rezan-les-nem\/"},"wordCount":121,"image":{"@id":"https:\/\/montpreis.si\/de\/cesnja-rezan-les-nem\/#primaryimage"},"thumbnailUrl":"https:\/\/montpreis.si\/wp-content\/uploads\/2018\/04\/cesnja-cherry-kirsche-Montpreis-lumber-zagan-les-Schnittholz-7.jpg","articleSection":["Kirsche","Sonderangebot"],"inLanguage":"de"},{"@type":"WebPage","@id":"https:\/\/montpreis.si\/de\/cesnja-rezan-les-nem\/","url":"https:\/\/montpreis.si\/de\/cesnja-rezan-les-nem\/","name":"Kirschenschnittholz - Montpreis","isPartOf":{"@id":"https:\/\/montpreis.si\/#website"},"primaryImageOfPage":{"@id":"https:\/\/montpreis.si\/de\/cesnja-rezan-les-nem\/#primaryimage"},"image":{"@id":"https:\/\/montpreis.si\/de\/cesnja-rezan-les-nem\/#primaryimage"},"thumbnailUrl":"https:\/\/montpreis.si\/wp-content\/uploads\/2018\/04\/cesnja-cherry-kirsche-Montpreis-lumber-zagan-les-Schnittholz-7.jpg","datePublished":"2018-04-14T17:31:35+00:00","dateModified":"2021-02-17T22:02:15+00:00","author":{"@id":"https:\/\/montpreis.si\/#\/schema\/person\/91f2aa6ccf92d998c80c7e0d51cf7cc9"},"breadcrumb":{"@id":"https:\/\/montpreis.si\/de\/cesnja-rezan-les-nem\/#breadcrumb"},"inLanguage":"de","potentialAction":[{"@type":"ReadAction","target":["https:\/\/montpreis.si\/de\/cesnja-rezan-les-nem\/"]}]},{"@type":"ImageObject","inLanguage":"de","@id":"https:\/\/montpreis.si\/de\/cesnja-rezan-les-nem\/#primaryimage","url":"https:\/\/montpreis.si\/wp-content\/uploads\/2018\/04\/cesnja-cherry-kirsche-Montpreis-lumber-zagan-les-Schnittholz-7.jpg","contentUrl":"https:\/\/montpreis.si\/wp-content\/uploads\/2018\/04\/cesnja-cherry-kirsche-Montpreis-lumber-zagan-les-Schnittholz-7.jpg","width":1100,"height":733,"caption":"\u010cesnja-cherry-kirsche Montrpreis"},{"@type":"BreadcrumbList","@id":"https:\/\/montpreis.si\/de\/cesnja-rezan-les-nem\/#breadcrumb","itemListElement":[{"@type":"ListItem","position":1,"name":"Home","item":"https:\/\/montpreis.si\/de\/"},{"@type":"ListItem","position":2,"name":"Kirschenschnittholz"}]},{"@type":"WebSite","@id":"https:\/\/montpreis.si\/#website","url":"https:\/\/montpreis.si\/","name":"Montpreis","description":"Odkup in prodaja hlodovine ter rezanega lesa","potentialAction":[{"@type":"SearchAction","target":{"@type":"EntryPoint","urlTemplate":"https:\/\/montpreis.si\/?s={search_term_string}"},"query-input":{"@type":"PropertyValueSpecification","valueRequired":true,"valueName":"search_term_string"}}],"inLanguage":"de"},{"@type":"Person","@id":"https:\/\/montpreis.si\/#\/schema\/person\/91f2aa6ccf92d998c80c7e0d51cf7cc9","name":"Marjety","image":{"@type":"ImageObject","inLanguage":"de","@id":"https:\/\/montpreis.si\/#\/schema\/person\/image\/","url":"https:\/\/secure.gravatar.com\/avatar\/c369bd97b5e63581ad8f044aaf2fb316fc655dd03d16ed62a1e682510b5d3a61?s=96&d=mm&r=g","contentUrl":"https:\/\/secure.gravatar.com\/avatar\/c369bd97b5e63581ad8f044aaf2fb316fc655dd03d16ed62a1e682510b5d3a61?s=96&d=mm&r=g","caption":"Marjety"},"url":"https:\/\/montpreis.si\/de\/author\/marjety\/"}]}},"_links":{"self":[{"href":"https:\/\/montpreis.si\/de\/wp-json\/wp\/v2\/posts\/2014","targetHints":{"allow":["GET"]}}],"collection":[{"href":"https:\/\/montpreis.si\/de\/wp-json\/wp\/v2\/posts"}],"about":[{"href":"https:\/\/montpreis.si\/de\/wp-json\/wp\/v2\/types\/post"}],"author":[{"embeddable":true,"href":"https:\/\/montpreis.si\/de\/wp-json\/wp\/v2\/users\/1"}],"replies":[{"embeddable":true,"href":"https:\/\/montpreis.si\/de\/wp-json\/wp\/v2\/comments?post=2014"}],"version-history":[{"count":4,"href":"https:\/\/montpreis.si\/de\/wp-json\/wp\/v2\/posts\/2014\/revisions"}],"predecessor-version":[{"id":3303,"href":"https:\/\/montpreis.si\/de\/wp-json\/wp\/v2\/posts\/2014\/revisions\/3303"}],"wp:featuredmedia":[{"embeddable":true,"href":"https:\/\/montpreis.si\/de\/wp-json\/wp\/v2\/media\/2229"}],"wp:attachment":[{"href":"https:\/\/montpreis.si\/de\/wp-json\/wp\/v2\/media?parent=2014"}],"wp:term":[{"taxonomy":"category","embeddable":true,"href":"https:\/\/montpreis.si\/de\/wp-json\/wp\/v2\/categories?post=2014"},{"taxonomy":"post_tag","embeddable":true,"href":"https:\/\/montpreis.si\/de\/wp-json\/wp\/v2\/tags?post=2014"}],"curies":[{"name":"wp","href":"https:\/\/api.w.org\/{rel}","templated":true}]}}